{"id":8720,"date":"2024-12-03T12:41:27","date_gmt":"2024-12-03T11:41:27","guid":{"rendered":"https:\/\/www.bewegungsatlas.berlin\/from-aerobics-to-yoga-at-its-best-in-a-club\/"},"modified":"2024-12-03T12:44:40","modified_gmt":"2024-12-03T11:44:40","slug":"from-aerobics-to-yoga-at-its-best-in-a-club","status":"publish","type":"post","link":"https:\/\/www.bewegungsatlas.berlin\/en\/from-aerobics-to-yoga-at-its-best-in-a-club\/","title":{"rendered":"From aerobics to yoga &#8211; at its best in a club!"},"content":{"rendered":"\n<p>Come along! Welcome, men too, please!<br\/>&#8211;<br\/>Tuesdays, 8 p.m. at Ebereschengrundschule, Borkheider Stra\u00dfe 28A, 12689<br\/>&#8211;<br\/>Thursdays, 8 p.m. at Schule am gr\u00fcnen Stadtrand, Geraer Stra\u00dfe 54, 12689<br\/>&#8211;<br\/>Provider: Polizei-Sport-Verein (PSV) &#8211; Sportgymnastik<br\/>&#8211;<br\/>Contact via T. 030 9320789 <\/p>\n","protected":false},"excerpt":{"rendered":"<p>Come along! Welcome, men too, please!&#8211;Tuesdays, 8 p.m. at Ebereschengrundschule, Borkheider Stra\u00dfe 28A, 12689&#8211;Thursdays, 8 p.m. at Schule am gr\u00fcnen Stadtrand, Geraer Stra\u00dfe 54, 12689&#8211;Provider: Polizei-Sport-Verein (PSV) &#8211; Sportgymnastik&#8211;Contact via T. 030 9320789<\/p>\n","protected":false},"author":1624,"featured_media":8719,"comment_status":"closed","ping_status":"closed","sticky":false,"template":"","format":"standard","meta":{"footnotes":""},"categories":[458],"tags":[],"class_list":["post-8720","post","type-post","status-publish","format-standard","has-post-thumbnail","hentry","category-news-en"],"_links":{"self":[{"href":"https:\/\/www.bewegungsatlas.berlin\/en\/wp-json\/wp\/v2\/posts\/8720","targetHints":{"allow":["GET"]}}],"collection":[{"href":"https:\/\/www.bewegungsatlas.berlin\/en\/wp-json\/wp\/v2\/posts"}],"about":[{"href":"https:\/\/www.bewegungsatlas.berlin\/en\/wp-json\/wp\/v2\/types\/post"}],"author":[{"embeddable":true,"href":"https:\/\/www.bewegungsatlas.berlin\/en\/wp-json\/wp\/v2\/users\/1624"}],"replies":[{"embeddable":true,"href":"https:\/\/www.bewegungsatlas.berlin\/en\/wp-json\/wp\/v2\/comments?post=8720"}],"version-history":[{"count":0,"href":"https:\/\/www.bewegungsatlas.berlin\/en\/wp-json\/wp\/v2\/posts\/8720\/revisions"}],"wp:featuredmedia":[{"embeddable":true,"href":"https:\/\/www.bewegungsatlas.berlin\/en\/wp-json\/wp\/v2\/media\/8719"}],"wp:attachment":[{"href":"https:\/\/www.bewegungsatlas.berlin\/en\/wp-json\/wp\/v2\/media?parent=8720"}],"wp:term":[{"taxonomy":"category","embeddable":true,"href":"https:\/\/www.bewegungsatlas.berlin\/en\/wp-json\/wp\/v2\/categories?post=8720"},{"taxonomy":"post_tag","embeddable":true,"href":"https:\/\/www.bewegungsatlas.berlin\/en\/wp-json\/wp\/v2\/tags?post=8720"}],"curies":[{"name":"wp","href":"https:\/\/api.w.org\/{rel}","templated":true}]}}